{"id":3328,"date":"2023-10-06T07:14:23","date_gmt":"2023-10-06T07:14:23","guid":{"rendered":"https:\/\/tarragona.escolateresiana.com\/2023\/10\/06\/acto-inaugural-del-centenario\/"},"modified":"2024-03-01T12:41:00","modified_gmt":"2024-03-01T12:41:00","slug":"acto-inaugural-del-centenario","status":"publish","type":"post","link":"https:\/\/tarragona.escolateresiana.com\/es\/2023\/10\/06\/acto-inaugural-del-centenario\/","title":{"rendered":"Acto inaugural del Centenario"},"content":{"rendered":"<p>[vc_row css_animation=\u00bb\u00bb row_type=\u00bbrow\u00bb use_row_as_full_screen_section=\u00bbno\u00bb type=\u00bbfull_width\u00bb angled_section=\u00bbno\u00bb text_align=\u00bbleft\u00bb background_image_as_pattern=\u00bbwithout_pattern\u00bb padding_top=\u00bb0&#8243; padding_bottom=\u00bb14&#8243;][vc_column][vc_column_text]El pasado viernes 29 de septiembre se celebr\u00f3 el acto inaugural del Centenario en la capilla de la escuela Santa Teresa de Jes\u00fas. La ceremonia cont\u00f3 con la presencia de representantes de los estamentos de la ciudad y de un grupo numeroso formado por hermanas teresianas, familias, alumnos, profesores, adem\u00e1s del grupo recreador \u00abPallaresos 1900&#8243;, que llenaron la capilla. Tras las intervenciones del director general, de los alumnos representantes y de los profesores, cerr\u00f3 el acto el arzobispo, Monse\u00f1or Joan Planelles, quien con su bendici\u00f3n conect\u00f3 el pasado del edificio con la emoci\u00f3n del presente, que quiere proyectarse hacia el futuro, para continuar con la labor de St. Enrique. \u00a1Gracias a todo el mundo y enhorabuena![\/vc_column_text][vc_empty_space height=\u00bb22px\u00bb][\/vc_column][\/vc_row][vc_row css_animation=\u00bb\u00bb row_type=\u00bbrow\u00bb use_row_as_full_screen_section=\u00bbno\u00bb type=\u00bbfull_width\u00bb angled_section=\u00bbno\u00bb text_align=\u00bbleft\u00bb background_image_as_pattern=\u00bbwithout_pattern\u00bb][vc_column][vc_gallery type=\u00bbimage_grid\u00bb images=\u00bb3091,3090,3089,3088,3087&#8243; img_size=\u00bbfull\u00bb column_number=\u00bb3&#8243; grayscale=\u00bbno\u00bb images_space=\u00bbgallery_with_space\u00bb][\/vc_column][\/vc_row]<\/p>\n","protected":false},"excerpt":{"rendered":"<p>El pasado viernes 29 de septiembre se celebr\u00f3 el acto inaugural del Centenario en la capilla de la escuela Santa Teresa de Jes\u00fas<\/p>\n","protected":false},"author":1,"featured_media":3086,"comment_status":"closed","ping_status":"open","sticky":false,"template":"","format":"standard","meta":{"_monsterinsights_skip_tracking":false,"_monsterinsights_sitenote_active":false,"_monsterinsights_sitenote_note":"","_monsterinsights_sitenote_category":0,"footnotes":""},"categories":[30],"tags":[],"class_list":["post-3328","post","type-post","status-publish","format-standard","has-post-thumbnail","hentry","category-colegio-santa-teresa-de-jesus-tarragona"],"_links":{"self":[{"href":"https:\/\/tarragona.escolateresiana.com\/es\/wp-json\/wp\/v2\/posts\/3328","targetHints":{"allow":["GET"]}}],"collection":[{"href":"https:\/\/tarragona.escolateresiana.com\/es\/wp-json\/wp\/v2\/posts"}],"about":[{"href":"https:\/\/tarragona.escolateresiana.com\/es\/wp-json\/wp\/v2\/types\/post"}],"author":[{"embeddable":true,"href":"https:\/\/tarragona.escolateresiana.com\/es\/wp-json\/wp\/v2\/users\/1"}],"replies":[{"embeddable":true,"href":"https:\/\/tarragona.escolateresiana.com\/es\/wp-json\/wp\/v2\/comments?post=3328"}],"version-history":[{"count":3,"href":"https:\/\/tarragona.escolateresiana.com\/es\/wp-json\/wp\/v2\/posts\/3328\/revisions"}],"predecessor-version":[{"id":3351,"href":"https:\/\/tarragona.escolateresiana.com\/es\/wp-json\/wp\/v2\/posts\/3328\/revisions\/3351"}],"wp:featuredmedia":[{"embeddable":true,"href":"https:\/\/tarragona.escolateresiana.com\/es\/wp-json\/wp\/v2\/media\/3086"}],"wp:attachment":[{"href":"https:\/\/tarragona.escolateresiana.com\/es\/wp-json\/wp\/v2\/media?parent=3328"}],"wp:term":[{"taxonomy":"category","embeddable":true,"href":"https:\/\/tarragona.escolateresiana.com\/es\/wp-json\/wp\/v2\/categories?post=3328"},{"taxonomy":"post_tag","embeddable":true,"href":"https:\/\/tarragona.escolateresiana.com\/es\/wp-json\/wp\/v2\/tags?post=3328"}],"curies":[{"name":"wp","href":"https:\/\/api.w.org\/{rel}","templated":true}]}}