{"id":3278,"date":"2023-10-04T07:13:36","date_gmt":"2023-10-04T07:13:36","guid":{"rendered":"https:\/\/tarragona.escolateresiana.com\/2023\/10\/04\/bases-del-concurso-como-lo-veo-replica-de-obras-de-la-exposicion-de-fotografia\/"},"modified":"2024-03-01T12:40:59","modified_gmt":"2024-03-01T12:40:59","slug":"bases-del-concurso-como-lo-veo-replica-de-obras-de-la-exposicion-de-fotografia","status":"publish","type":"post","link":"https:\/\/tarragona.escolateresiana.com\/es\/2023\/10\/04\/bases-del-concurso-como-lo-veo-replica-de-obras-de-la-exposicion-de-fotografia\/","title":{"rendered":"BASES del CONCURSO \u00ab\u00bfC\u00f3mo lo veo?\u00bb R\u00e9plica de obras de la exposici\u00f3n de fotograf\u00eda"},"content":{"rendered":"<p>[vc_row css_animation=\u00bb\u00bb row_type=\u00bbrow\u00bb use_row_as_full_screen_section=\u00bbno\u00bb type=\u00bbfull_width\u00bb angled_section=\u00bbno\u00bb text_align=\u00bbleft\u00bb background_image_as_pattern=\u00bbwithout_pattern\u00bb padding_top=\u00bb0&#8243; padding_bottom=\u00bb14&#8243;][vc_column][vc_column_text]<b>OBJETIVO:<\/b><span class=\"Apple-converted-space\"> <\/span><\/p>\n<p>En el marco del programa de los actos de la celebraci\u00f3n del Centenario de la educaci\u00f3n teresiana en el edificio de la Rambla, y tomando como punto de partida la exposici\u00f3n fotogr\u00e1fica \u201cNuestro edificio\u201d, convocamos el concurso art\u00edstico \u201cComo veo\u201d en el que se anima a escoger y reinterpretar una de las fotograf\u00edas de la exposici\u00f3n.<span class=\"Apple-converted-space\"> <\/span><\/p>\n<p><b>PARTICIPANTES<\/b><\/p>\n<p>El colegio invita a todo el alumnado, desde primero de Primaria hasta segundo de Bachillerato, a participar en el concurso, as\u00ed como<span class=\"Apple-converted-space\">  <\/span>sus familias.<\/p>\n<p>La participaci\u00f3n es individual y cada persona puede presentar un m\u00e1ximo de una propuesta.  <span class=\"Apple-converted-space\"> <\/span><\/p>\n<p><b>CATEGOR\u00cdAS<span class=\"Apple-converted-space\"> <\/span><\/b><\/p>\n<p>Se establecen las siguientes categor\u00edas:<\/p>\n<ul>\n<li>Categor\u00eda 1 (1\u00ba-2\u00ba primaria)<span class=\"Apple-converted-space\"> <\/span><\/li>\n<li>Categor\u00eda 2<span class=\"Apple-converted-space\">  <\/span>(3\u00ba-4\u00ba primaria)<\/li>\n<li>Categor\u00eda 3 (5\u00ba-6\u00ba primaria)<\/li>\n<li>Categor\u00eda 4 (1\u00ba-2\u00ba ESO)<\/li>\n<li>Categor\u00eda 5 (3\u00ba-4\u00ba ESO)<\/li>\n<li>Categor\u00eda 6 (BACH)<\/li>\n<li>Categor\u00eda 7 (Familiares alumnado escuela)<\/li>\n<\/ul>\n<p>Las obras ser\u00e1n seleccionadas por categor\u00edas para que<span class=\"Apple-converted-space\">  <\/span>salga un primer y un segundo premio para cada nivel.<span class=\"Apple-converted-space\"> <\/span><\/p>\n<p>No se realizar\u00e1 selecci\u00f3n de las obras de infantil. Todas ellas ser\u00e1n expuestas en un sitio especial.<span class=\"Apple-converted-space\"> <\/span><\/p>\n<p><b>T\u00c9CNICA, FORMATO Y ESTILO<\/b><\/p>\n<p>La obra propuesta es de t\u00e9cnica libre: escultura con cualquier material (barro, yeso, plastilina\u2026), dibujo (ceras, acuarelas\u2026), collage, dise\u00f1o digital, etc. En caso de la escultura, los tama\u00f1os m\u00e1ximos de la obra deben ser 50x50cm. En caso de pintura o dibujo, el formato est\u00e1 limitado, como m\u00e1ximo,<span class=\"Apple-converted-space\">  <\/span>a medida Din-A3.<\/p>\n<p>El alumnado de Infantil realizar\u00e1 las obras seg\u00fan las directrices de los\/las maestros\/as.<\/p>\n<p><b>\u00bfC\u00d3MO PRESENTARSE?<\/b><\/p>\n<p>En la porter\u00eda de la escuela se tendr\u00e1n que entregar dos elementos:<\/p>\n<ol>\n<li>La <b>obra<\/b> presentada, que debe llevar enganchada una <b>etiqueta identificativa<\/b> en la que figure:<\/li>\n<\/ol>\n<p><b>T\u00edtulo obra + Categor\u00eda + PSEUD\u00d3NIMO<\/b><\/p>\n<ol start=\"2\">\n<li>Un <b>sobre cierra<\/b> t dentro de la cual haya una <b>hoja<\/b> con los siguientes datos:  <span class=\"Apple-converted-space\"> <\/span><\/li>\n<\/ol>\n<p><b>T\u00edtulo obra + Categor\u00eda + PSEUD\u00d3NIMO<span class=\"Apple-converted-space\">  <\/span>+<span class=\"Apple-converted-space\">  <\/span>Nombre y apellidos + Curso + Grupo<span class=\"Apple-converted-space\"> <\/span><\/b><\/p>\n<p><b>PLAZO DE ADMISI\u00d3N<span class=\"Apple-converted-space\"> <\/span><\/b><\/p>\n<p>Desde el 1 de octubre hasta el <b>30 de noviembre<\/b> a las <b>14:00 h.<span class=\"Apple-converted-space\"> <\/span><\/b> <\/p>\n<p><b>VEREDICTO FINAL INTERNO<\/b><\/p>\n<p>La fecha l\u00edmite de la decisi\u00f3n del Jurado es el 12 de diciembre, sin conocer el nombre del ganador\/a.<span class=\"Apple-converted-space\"> <\/span><\/p>\n<p><b>ENTREGA DE PREMIOS<span class=\"Apple-converted-space\"> <\/span><\/b><\/p>\n<p>Se har\u00e1n conocer a los\/las ganadores\/as y se entregar\u00e1n los premios el <b>viernes 15 de diciembre<\/b> .<\/p>\n<p><span class=\"Apple-converted-space\"> <\/span><\/p>\n<p><b>GANADORES\/AS<\/b><\/p>\n<p>Las obras nominadas formar\u00e1n parte de una exposici\u00f3n que tendr\u00e1 lugar en la escuela desde el 12 de diciembre al 25 de febrero. Los\/las ganadores\/as recibir\u00e1n un diploma acreditativo y su obra se destacar\u00e1 en el vest\u00edbulo de la escuela.<span class=\"Apple-converted-space\"> <\/span><\/p>\n<p><b>JURADO<\/b><\/p>\n<p>Compuesto por un profesor representante de cada categor\u00eda m\u00e1s un miembro del equipo directivo.<\/p>\n<p><b>DERECHOS,<span class=\"Apple-converted-space\">  <\/span>REPRODUCCI\u00d3N Y EXPOSICI\u00d3N<span class=\"Apple-converted-space\"> <\/span><\/b><\/p>\n<p>La obra ganadora quedar\u00e1 en propiedad del colegio, que se <b>reserva todos los derechos<\/b> sobre las mismas, incluidos los de reproducci\u00f3n. Los tutores legales del autor\/a de la obra <b>ceden en exclusividad y de forma gratuita los derechos de explotaci\u00f3n<\/b> de la obra en la escuela,<span class=\"Apple-converted-space\">  <\/span>en los t\u00e9rminos establecidos en el Real Decreto Legislativo 1\/1996, de 12 de abril.<\/p>\n<p>[\/vc_column_text][vc_empty_space height=\u00bb22px\u00bb][\/vc_column][\/vc_row][vc_row css_animation=\u00bb\u00bb row_type=\u00bbrow\u00bb use_row_as_full_screen_section=\u00bbno\u00bb type=\u00bbfull_width\u00bb angled_section=\u00bbno\u00bb text_align=\u00bbleft\u00bb background_image_as_pattern=\u00bbwithout_pattern\u00bb][vc_column]<div class=\"qode-advanced-image-gallery  qode-aig-grid-type qode-large-space   \">\n\t<div class=\"qode-aig-inner qode-outer-space qode-aig-grid qode-aig-two-columns\">\n\t\t\t\t\t<div class=\"qode-aig-image qode-item-space\">\n\t\t\t\t<div class=\"qode-aig-image-inner\">\n\t\t\t\t\t\t\t\t\t\t\t<img loading=\"lazy\" decoding=\"async\" width=\"2560\" height=\"1920\" src=\"https:\/\/tarragona.escolateresiana.com\/wp-content\/uploads\/2023\/10\/IMG_9179-scaled.jpeg\" class=\"attachment-full size-full\" alt=\"\" srcset=\"https:\/\/tarragona.escolateresiana.com\/wp-content\/uploads\/2023\/10\/IMG_9179-scaled.jpeg 2560w, https:\/\/tarragona.escolateresiana.com\/wp-content\/uploads\/2023\/10\/IMG_9179-300x225.jpeg 300w, https:\/\/tarragona.escolateresiana.com\/wp-content\/uploads\/2023\/10\/IMG_9179-1024x768.jpeg 1024w, https:\/\/tarragona.escolateresiana.com\/wp-content\/uploads\/2023\/10\/IMG_9179-768x576.jpeg 768w, https:\/\/tarragona.escolateresiana.com\/wp-content\/uploads\/2023\/10\/IMG_9179-1536x1152.jpeg 1536w, https:\/\/tarragona.escolateresiana.com\/wp-content\/uploads\/2023\/10\/IMG_9179-2048x1536.jpeg 2048w, https:\/\/tarragona.escolateresiana.com\/wp-content\/uploads\/2023\/10\/IMG_9179-800x600.jpeg 800w, https:\/\/tarragona.escolateresiana.com\/wp-content\/uploads\/2023\/10\/IMG_9179-700x525.jpeg 700w\" sizes=\"auto, (max-width: 2560px) 100vw, 2560px\" \/>\t\t\t\t\t\t<span class=\"aig-gallery-hover\">\n\t\t\t\t\t\t\t\t\t\t\t\t\t<\/span>\n\t\t\t\t\t\t\t\t\t<\/div>\n\t\t\t<\/div>\n\t\t\t\t\t<div class=\"qode-aig-image qode-item-space\">\n\t\t\t\t<div class=\"qode-aig-image-inner\">\n\t\t\t\t\t\t\t\t\t\t\t<img loading=\"lazy\" decoding=\"async\" width=\"2560\" height=\"1920\" src=\"https:\/\/tarragona.escolateresiana.com\/wp-content\/uploads\/2023\/10\/IMG_9180-scaled.jpeg\" class=\"attachment-full size-full\" alt=\"\" srcset=\"https:\/\/tarragona.escolateresiana.com\/wp-content\/uploads\/2023\/10\/IMG_9180-scaled.jpeg 2560w, https:\/\/tarragona.escolateresiana.com\/wp-content\/uploads\/2023\/10\/IMG_9180-300x225.jpeg 300w, https:\/\/tarragona.escolateresiana.com\/wp-content\/uploads\/2023\/10\/IMG_9180-1024x768.jpeg 1024w, https:\/\/tarragona.escolateresiana.com\/wp-content\/uploads\/2023\/10\/IMG_9180-768x576.jpeg 768w, https:\/\/tarragona.escolateresiana.com\/wp-content\/uploads\/2023\/10\/IMG_9180-1536x1152.jpeg 1536w, https:\/\/tarragona.escolateresiana.com\/wp-content\/uploads\/2023\/10\/IMG_9180-2048x1536.jpeg 2048w, https:\/\/tarragona.escolateresiana.com\/wp-content\/uploads\/2023\/10\/IMG_9180-800x600.jpeg 800w, https:\/\/tarragona.escolateresiana.com\/wp-content\/uploads\/2023\/10\/IMG_9180-700x525.jpeg 700w\" sizes=\"auto, (max-width: 2560px) 100vw, 2560px\" \/>\t\t\t\t\t\t<span class=\"aig-gallery-hover\">\n\t\t\t\t\t\t\t\t\t\t\t\t\t<\/span>\n\t\t\t\t\t\t\t\t\t<\/div>\n\t\t\t<\/div>\n\t\t\t\t\t<div class=\"qode-aig-image qode-item-space\">\n\t\t\t\t<div class=\"qode-aig-image-inner\">\n\t\t\t\t\t\t\t\t\t\t\t<img loading=\"lazy\" decoding=\"async\" width=\"2560\" height=\"1920\" src=\"https:\/\/tarragona.escolateresiana.com\/wp-content\/uploads\/2023\/10\/IMG_9182-scaled.jpeg\" class=\"attachment-full size-full\" alt=\"\" srcset=\"https:\/\/tarragona.escolateresiana.com\/wp-content\/uploads\/2023\/10\/IMG_9182-scaled.jpeg 2560w, https:\/\/tarragona.escolateresiana.com\/wp-content\/uploads\/2023\/10\/IMG_9182-300x225.jpeg 300w, https:\/\/tarragona.escolateresiana.com\/wp-content\/uploads\/2023\/10\/IMG_9182-1024x768.jpeg 1024w, https:\/\/tarragona.escolateresiana.com\/wp-content\/uploads\/2023\/10\/IMG_9182-768x576.jpeg 768w, https:\/\/tarragona.escolateresiana.com\/wp-content\/uploads\/2023\/10\/IMG_9182-1536x1152.jpeg 1536w, https:\/\/tarragona.escolateresiana.com\/wp-content\/uploads\/2023\/10\/IMG_9182-2048x1536.jpeg 2048w, https:\/\/tarragona.escolateresiana.com\/wp-content\/uploads\/2023\/10\/IMG_9182-800x600.jpeg 800w, https:\/\/tarragona.escolateresiana.com\/wp-content\/uploads\/2023\/10\/IMG_9182-700x525.jpeg 700w\" sizes=\"auto, (max-width: 2560px) 100vw, 2560px\" \/>\t\t\t\t\t\t<span class=\"aig-gallery-hover\">\n\t\t\t\t\t\t\t\t\t\t\t\t\t<\/span>\n\t\t\t\t\t\t\t\t\t<\/div>\n\t\t\t<\/div>\n\t\t\t<\/div>\n<\/div>[\/vc_column][\/vc_row]<\/p>\n","protected":false},"excerpt":{"rendered":"<p>En el marco del programa de los actos de la celebraci\u00f3n del Centenario de la educaci\u00f3n teresiana en el edificio de la Rambla, y tomando como punto de partida la exposici\u00f3n fotogr\u00e1fica \u00abNuestro edificio\u00bb<\/p>\n","protected":false},"author":1,"featured_media":3078,"comment_status":"closed","ping_status":"open","sticky":false,"template":"","format":"standard","meta":{"_monsterinsights_skip_tracking":false,"_monsterinsights_sitenote_active":false,"_monsterinsights_sitenote_note":"","_monsterinsights_sitenote_category":0,"footnotes":""},"categories":[30],"tags":[],"class_list":["post-3278","post","type-post","status-publish","format-standard","has-post-thumbnail","hentry","category-colegio-santa-teresa-de-jesus-tarragona"],"_links":{"self":[{"href":"https:\/\/tarragona.escolateresiana.com\/es\/wp-json\/wp\/v2\/posts\/3278","targetHints":{"allow":["GET"]}}],"collection":[{"href":"https:\/\/tarragona.escolateresiana.com\/es\/wp-json\/wp\/v2\/posts"}],"about":[{"href":"https:\/\/tarragona.escolateresiana.com\/es\/wp-json\/wp\/v2\/types\/post"}],"author":[{"embeddable":true,"href":"https:\/\/tarragona.escolateresiana.com\/es\/wp-json\/wp\/v2\/users\/1"}],"replies":[{"embeddable":true,"href":"https:\/\/tarragona.escolateresiana.com\/es\/wp-json\/wp\/v2\/comments?post=3278"}],"version-history":[{"count":2,"href":"https:\/\/tarragona.escolateresiana.com\/es\/wp-json\/wp\/v2\/posts\/3278\/revisions"}],"predecessor-version":[{"id":3293,"href":"https:\/\/tarragona.escolateresiana.com\/es\/wp-json\/wp\/v2\/posts\/3278\/revisions\/3293"}],"wp:featuredmedia":[{"embeddable":true,"href":"https:\/\/tarragona.escolateresiana.com\/es\/wp-json\/wp\/v2\/media\/3078"}],"wp:attachment":[{"href":"https:\/\/tarragona.escolateresiana.com\/es\/wp-json\/wp\/v2\/media?parent=3278"}],"wp:term":[{"taxonomy":"category","embeddable":true,"href":"https:\/\/tarragona.escolateresiana.com\/es\/wp-json\/wp\/v2\/categories?post=3278"},{"taxonomy":"post_tag","embeddable":true,"href":"https:\/\/tarragona.escolateresiana.com\/es\/wp-json\/wp\/v2\/tags?post=3278"}],"curies":[{"name":"wp","href":"https:\/\/api.w.org\/{rel}","templated":true}]}}