{"id":3257,"date":"2024-02-29T07:59:15","date_gmt":"2024-02-29T07:59:15","guid":{"rendered":"https:\/\/tarragona.escolateresiana.com\/2024\/02\/29\/20-anos-de-fundeo\/"},"modified":"2024-03-01T12:40:56","modified_gmt":"2024-03-01T12:40:56","slug":"20-anos-de-fundeo","status":"publish","type":"post","link":"https:\/\/tarragona.escolateresiana.com\/es\/2024\/02\/29\/20-anos-de-fundeo\/","title":{"rendered":"20 a\u00f1os de FundEO"},"content":{"rendered":"<p>[vc_row css_animation=\u00bb\u00bb row_type=\u00bbrow\u00bb use_row_as_full_screen_section=\u00bbno\u00bb type=\u00bbfull_width\u00bb angled_section=\u00bbno\u00bb text_align=\u00bbleft\u00bb background_image_as_pattern=\u00bbwithout_pattern\u00bb padding_top=\u00bb0&#8243; padding_bottom=\u00bb14&#8243;][vc_column][vc_empty_space height=\u00bb22px\u00bb][vc_column_text]La Compa\u00f1\u00eda de Santa Teresa de Jes\u00fas cre\u00f3 hace 20 a\u00f1os la Fundaci\u00f3n Enric de Oss\u00f3 (FundEO) para apoyar la labor realizada por la Familia Teresiana. Con esta Fundaci\u00f3n se pretende potenciar y contribuir a la formaci\u00f3n integral, al reconocimiento de la dignidad y promoci\u00f3n de los derechos de las personas y grupos desfavorecidos, desde la perspectiva de g\u00e9nero; fomentar la sensibilizaci\u00f3n hacia la dignidad de toda persona y la contribuci\u00f3n a un mundo justo y sostenible y promover una ciudadan\u00eda consciente, responsable y comprometida en acciones de voluntariado.<\/p>\n<p>Nuestra escuela participa con FUNDEO desde sus inicios, por eso celebramos estos d\u00edas su vig\u00e9simo aniversario. Felicidades FundEO![\/vc_column_text][vc_empty_space height=\u00bb22px\u00bb]<div class=\"qode-advanced-image-gallery  qode-aig-grid-type qode-small-space   \">\n\t<div class=\"qode-aig-inner qode-outer-space qode-aig-grid qode-aig-two-columns\">\n\t\t\t\t\t<div class=\"qode-aig-image qode-item-space\">\n\t\t\t\t<div class=\"qode-aig-image-inner\">\n\t\t\t\t\t\t\t\t\t\t\t<img loading=\"lazy\" decoding=\"async\" width=\"1600\" height=\"1200\" src=\"https:\/\/tarragona.escolateresiana.com\/wp-content\/uploads\/2024\/02\/image_123650291-2.jpg\" class=\"attachment-full size-full\" alt=\"\" srcset=\"https:\/\/tarragona.escolateresiana.com\/wp-content\/uploads\/2024\/02\/image_123650291-2.jpg 1600w, https:\/\/tarragona.escolateresiana.com\/wp-content\/uploads\/2024\/02\/image_123650291-2-300x225.jpg 300w, https:\/\/tarragona.escolateresiana.com\/wp-content\/uploads\/2024\/02\/image_123650291-2-1024x768.jpg 1024w, https:\/\/tarragona.escolateresiana.com\/wp-content\/uploads\/2024\/02\/image_123650291-2-768x576.jpg 768w, https:\/\/tarragona.escolateresiana.com\/wp-content\/uploads\/2024\/02\/image_123650291-2-1536x1152.jpg 1536w, https:\/\/tarragona.escolateresiana.com\/wp-content\/uploads\/2024\/02\/image_123650291-2-800x600.jpg 800w, https:\/\/tarragona.escolateresiana.com\/wp-content\/uploads\/2024\/02\/image_123650291-2-700x525.jpg 700w\" sizes=\"auto, (max-width: 1600px) 100vw, 1600px\" \/>\t\t\t\t\t\t<span class=\"aig-gallery-hover\">\n\t\t\t\t\t\t\t\t\t\t\t\t\t<\/span>\n\t\t\t\t\t\t\t\t\t<\/div>\n\t\t\t<\/div>\n\t\t\t\t\t<div class=\"qode-aig-image qode-item-space\">\n\t\t\t\t<div class=\"qode-aig-image-inner\">\n\t\t\t\t\t\t\t\t\t\t\t<img loading=\"lazy\" decoding=\"async\" width=\"1600\" height=\"1200\" src=\"https:\/\/tarragona.escolateresiana.com\/wp-content\/uploads\/2024\/02\/image_123650291.jpg\" class=\"attachment-full size-full\" alt=\"\" srcset=\"https:\/\/tarragona.escolateresiana.com\/wp-content\/uploads\/2024\/02\/image_123650291.jpg 1600w, https:\/\/tarragona.escolateresiana.com\/wp-content\/uploads\/2024\/02\/image_123650291-300x225.jpg 300w, https:\/\/tarragona.escolateresiana.com\/wp-content\/uploads\/2024\/02\/image_123650291-1024x768.jpg 1024w, https:\/\/tarragona.escolateresiana.com\/wp-content\/uploads\/2024\/02\/image_123650291-768x576.jpg 768w, https:\/\/tarragona.escolateresiana.com\/wp-content\/uploads\/2024\/02\/image_123650291-1536x1152.jpg 1536w, https:\/\/tarragona.escolateresiana.com\/wp-content\/uploads\/2024\/02\/image_123650291-800x600.jpg 800w, https:\/\/tarragona.escolateresiana.com\/wp-content\/uploads\/2024\/02\/image_123650291-700x525.jpg 700w\" sizes=\"auto, (max-width: 1600px) 100vw, 1600px\" \/>\t\t\t\t\t\t<span class=\"aig-gallery-hover\">\n\t\t\t\t\t\t\t\t\t\t\t\t\t<\/span>\n\t\t\t\t\t\t\t\t\t<\/div>\n\t\t\t<\/div>\n\t\t\t<\/div>\n<\/div>[vc_empty_space height=\u00bb22px\u00bb][\/vc_column][\/vc_row]<\/p>\n","protected":false},"excerpt":{"rendered":"<p>La Compa\u00f1\u00eda de Santa Teresa de Jes\u00fas cre\u00f3 hace 20 a\u00f1os la Fundaci\u00f3n Enric de Oss\u00f3 (FundEO)&#8230;<\/p>\n","protected":false},"author":1,"featured_media":3106,"comment_status":"closed","ping_status":"open","sticky":false,"template":"","format":"standard","meta":{"_monsterinsights_skip_tracking":false,"_monsterinsights_sitenote_active":false,"_monsterinsights_sitenote_note":"","_monsterinsights_sitenote_category":0,"footnotes":""},"categories":[30],"tags":[],"class_list":["post-3257","post","type-post","status-publish","format-standard","has-post-thumbnail","hentry","category-colegio-santa-teresa-de-jesus-tarragona"],"_links":{"self":[{"href":"https:\/\/tarragona.escolateresiana.com\/es\/wp-json\/wp\/v2\/posts\/3257","targetHints":{"allow":["GET"]}}],"collection":[{"href":"https:\/\/tarragona.escolateresiana.com\/es\/wp-json\/wp\/v2\/posts"}],"about":[{"href":"https:\/\/tarragona.escolateresiana.com\/es\/wp-json\/wp\/v2\/types\/post"}],"author":[{"embeddable":true,"href":"https:\/\/tarragona.escolateresiana.com\/es\/wp-json\/wp\/v2\/users\/1"}],"replies":[{"embeddable":true,"href":"https:\/\/tarragona.escolateresiana.com\/es\/wp-json\/wp\/v2\/comments?post=3257"}],"version-history":[{"count":2,"href":"https:\/\/tarragona.escolateresiana.com\/es\/wp-json\/wp\/v2\/posts\/3257\/revisions"}],"predecessor-version":[{"id":3272,"href":"https:\/\/tarragona.escolateresiana.com\/es\/wp-json\/wp\/v2\/posts\/3257\/revisions\/3272"}],"wp:featuredmedia":[{"embeddable":true,"href":"https:\/\/tarragona.escolateresiana.com\/es\/wp-json\/wp\/v2\/media\/3106"}],"wp:attachment":[{"href":"https:\/\/tarragona.escolateresiana.com\/es\/wp-json\/wp\/v2\/media?parent=3257"}],"wp:term":[{"taxonomy":"category","embeddable":true,"href":"https:\/\/tarragona.escolateresiana.com\/es\/wp-json\/wp\/v2\/categories?post=3257"},{"taxonomy":"post_tag","embeddable":true,"href":"https:\/\/tarragona.escolateresiana.com\/es\/wp-json\/wp\/v2\/tags?post=3257"}],"curies":[{"name":"wp","href":"https:\/\/api.w.org\/{rel}","templated":true}]}}