{"id":3242,"date":"2022-03-16T11:33:56","date_gmt":"2022-03-16T11:33:56","guid":{"rendered":"https:\/\/tarragona.escolateresiana.com\/2022\/03\/16\/en-esta-cuaresma-no-debemos-cansarnos-de-hacer-el-bien\/"},"modified":"2024-03-01T12:40:59","modified_gmt":"2024-03-01T12:40:59","slug":"en-esta-cuaresma-no-debemos-cansarnos-de-hacer-el-bien","status":"publish","type":"post","link":"https:\/\/tarragona.escolateresiana.com\/es\/2022\/03\/16\/en-esta-cuaresma-no-debemos-cansarnos-de-hacer-el-bien\/","title":{"rendered":"\u00a1En esta Cuaresma no debemos cansarnos de hacer el bien!"},"content":{"rendered":"<p>[vc_row css_animation=\u00bb\u00bb row_type=\u00bbrow\u00bb use_row_as_full_screen_section=\u00bbno\u00bb type=\u00bbfull_width\u00bb angled_section=\u00bbno\u00bb text_align=\u00bbleft\u00bb background_image_as_pattern=\u00bbwithout_pattern\u00bb padding_top=\u00bb0&#8243; padding_bottom=\u00bb14&#8243;][vc_column][vc_column_text]La Cuaresma comienza el Mi\u00e9rcoles de Ceniza, un tiempo de cuarenta d\u00edas de preparaci\u00f3n para la Fiesta de la Pascua. Es el momento oportuno para devolver a Dios y devolver el sentido de la vida. \u00a1El Se\u00f1or nos espera!<\/p>\n<p>La liturgia hace que nos reencontramos con el antiguo signo de la ceniza. La expresi\u00f3n b\u00edblica \u201cRecuerda que eres polvo y al polvo debes volver\u201d significa penitencia y petici\u00f3n de perd\u00f3n. \u00c9sta es la verdad de nuestra vida: todos somos polos, d\u00e9biles y fr\u00e1giles. Nos hemos dado cuenta de ello a trav\u00e9s de la fragilidad com\u00fan puesta de manifiesto por la pandemia de coronavirus. Todos somos fr\u00e1giles y la ceniza en nuestras cabezas nos recuerda nuestra debilidad, para decirnos que somos amados por Dios y que nuestra fragilidad ha sido elegida por Dios para llevar a cabo su proyecto de amor para el mundo entero .La verdadera fuerza radica en ser conscientes de la propia debilidad y en conservar vivo el sentido de la humildad.<\/p>\n<p>La Cuaresma es tiempo de CONFIAR, de confiar en Jes\u00fas. Dios nos ayuda a cambiar estas peque\u00f1as cosas que nos alejan de \u00c9l y nos dejan un poso de tristeza en nuestro coraz\u00f3n. Por eso, os animan a cambiar, a quitar esas telara\u00f1as que ensucian nuestro coraz\u00f3n ya CUIDARNOS Y CUIDAR a los dem\u00e1s. Pid\u00e1mosle que crezca en nuestro interior un nuevo coraz\u00f3n que nos ayuda a ser, a pensar, a sentir ya actuar como Jes\u00fas.<\/p>\n<p>En estos tiempos se nos pide estar atentos a que las conciencias no cedan a la tentaci\u00f3n del ego\u00edsmo, de la mentira y de la violencia. Los cristianos estamos llamados a ser centinelas de la paz y en estos momentos la necesitamos con mayor urgencia ya que los m\u00e1s vulnerables est\u00e1n sufriendo la violencia extrema que causa la guerra.<\/p>\n<p>Nuestras fuerzas no son suficientes, por s\u00ed solas, para alejar el mal. Tenemos necesidad de invocar la ayuda del Se\u00f1or. \u00c9l nos hace no s\u00f3lo buenos, sino tambi\u00e9n fuertes, para que venza el odio y la violencia y nos d\u00e9 a los hombres la PAZ que tan necesitamos.<\/p>\n<p>El Papa nos invita a reflexionar en este camino cuaresmal sobre la exhortaci\u00f3n de San Pablo en los G\u00e1latas: \u201cNo nos cansamos de hacer el bien, porque, si no desfallecemos, cosecharemos los frutos a su debido tiempo. Por tanto, mientras tenemos la oportunidad, HACEMOS EL BIEN A TODOS\u201d (Ga 6, 9-10)<\/p>\n<p>Remedio L\u00f3pez Zueras<\/p>\n<p>Coordinadora de Pastoral[\/vc_column_text][vc_empty_space height=\u00bb22px\u00bb][\/vc_column][\/vc_row]<\/p>\n","protected":false},"excerpt":{"rendered":"<p>La Cuaresma comienza el Mi\u00e9rcoles de Ceniza, un tiempo de cuarenta d\u00edas de preparaci\u00f3n para la Fiesta de la Pascua. Es el momento oportuno para devolver a Dios y devolver el sentido de la vida. \u00a1El Se\u00f1or nos espera!<\/p>\n","protected":false},"author":1,"featured_media":2870,"comment_status":"closed","ping_status":"closed","sticky":false,"template":"","format":"standard","meta":{"_monsterinsights_skip_tracking":false,"_monsterinsights_sitenote_active":false,"_monsterinsights_sitenote_note":"","_monsterinsights_sitenote_category":0,"footnotes":""},"categories":[30],"tags":[],"class_list":["post-3242","post","type-post","status-publish","format-standard","has-post-thumbnail","hentry","category-colegio-santa-teresa-de-jesus-tarragona"],"_links":{"self":[{"href":"https:\/\/tarragona.escolateresiana.com\/es\/wp-json\/wp\/v2\/posts\/3242","targetHints":{"allow":["GET"]}}],"collection":[{"href":"https:\/\/tarragona.escolateresiana.com\/es\/wp-json\/wp\/v2\/posts"}],"about":[{"href":"https:\/\/tarragona.escolateresiana.com\/es\/wp-json\/wp\/v2\/types\/post"}],"author":[{"embeddable":true,"href":"https:\/\/tarragona.escolateresiana.com\/es\/wp-json\/wp\/v2\/users\/1"}],"replies":[{"embeddable":true,"href":"https:\/\/tarragona.escolateresiana.com\/es\/wp-json\/wp\/v2\/comments?post=3242"}],"version-history":[{"count":2,"href":"https:\/\/tarragona.escolateresiana.com\/es\/wp-json\/wp\/v2\/posts\/3242\/revisions"}],"predecessor-version":[{"id":3261,"href":"https:\/\/tarragona.escolateresiana.com\/es\/wp-json\/wp\/v2\/posts\/3242\/revisions\/3261"}],"wp:featuredmedia":[{"embeddable":true,"href":"https:\/\/tarragona.escolateresiana.com\/es\/wp-json\/wp\/v2\/media\/2870"}],"wp:attachment":[{"href":"https:\/\/tarragona.escolateresiana.com\/es\/wp-json\/wp\/v2\/media?parent=3242"}],"wp:term":[{"taxonomy":"category","embeddable":true,"href":"https:\/\/tarragona.escolateresiana.com\/es\/wp-json\/wp\/v2\/categories?post=3242"},{"taxonomy":"post_tag","embeddable":true,"href":"https:\/\/tarragona.escolateresiana.com\/es\/wp-json\/wp\/v2\/tags?post=3242"}],"curies":[{"name":"wp","href":"https:\/\/api.w.org\/{rel}","templated":true}]}}