{"id":3241,"date":"2023-09-20T10:46:58","date_gmt":"2023-09-20T10:46:58","guid":{"rendered":"https:\/\/tarragona.escolateresiana.com\/2023\/09\/20\/programa-de-los-actos-del-centenario\/"},"modified":"2024-03-01T12:40:59","modified_gmt":"2024-03-01T12:40:59","slug":"programa-de-los-actos-del-centenario","status":"publish","type":"post","link":"https:\/\/tarragona.escolateresiana.com\/es\/2023\/09\/20\/programa-de-los-actos-del-centenario\/","title":{"rendered":"Programa de los actos del Centenario"},"content":{"rendered":"<p>[vc_row css_animation=\u00bb\u00bb row_type=\u00bbrow\u00bb use_row_as_full_screen_section=\u00bbno\u00bb type=\u00bbfull_width\u00bb angled_section=\u00bbno\u00bb text_align=\u00bbleft\u00bb background_image_as_pattern=\u00bbwithout_pattern\u00bb padding_top=\u00bb0&#8243; padding_bottom=\u00bb14&#8243;][vc_column][vc_column_text]<\/p>\n<p class=\"Normal1\">\u00a1Empiezan los actos de la celebraci\u00f3n del &#8216;Centenario de educaci\u00f3n teresiana en el edificio de la Rambla&#8217;!.<\/p>\n<p>Le presentamos el programa de actividades dise\u00f1ado con toda la ilusi\u00f3n, que invita a participar a todos los miembros de la comunidad educativa teresiana y algunos ser\u00e1n abiertos al p\u00fablico.<\/p>\n<p><a href=\"https:\/\/tarragona.escolateresiana.com\/wp-content\/uploads\/2023\/09\/ProgramaSENCER_12_09_23.pdf\" target=\"_blank\" rel=\"noopener\"><strong>Descargar PDF con toda la informaci\u00f3n<\/strong><\/a>[\/vc_column_text][vc_empty_space height=\u00bb22px\u00bb][\/vc_column][\/vc_row]<\/p>\n","protected":false},"excerpt":{"rendered":"<p>\u00a1Empiezan los actos de la celebraci\u00f3n del &#8216;Centenario de educaci\u00f3n teresiana en el edificio de la Rambla&#8217;!<\/p>\n","protected":false},"author":1,"featured_media":3074,"comment_status":"closed","ping_status":"open","sticky":false,"template":"","format":"standard","meta":{"_monsterinsights_skip_tracking":false,"_monsterinsights_sitenote_active":false,"_monsterinsights_sitenote_note":"","_monsterinsights_sitenote_category":0,"footnotes":""},"categories":[30],"tags":[],"class_list":["post-3241","post","type-post","status-publish","format-standard","has-post-thumbnail","hentry","category-colegio-santa-teresa-de-jesus-tarragona"],"_links":{"self":[{"href":"https:\/\/tarragona.escolateresiana.com\/es\/wp-json\/wp\/v2\/posts\/3241","targetHints":{"allow":["GET"]}}],"collection":[{"href":"https:\/\/tarragona.escolateresiana.com\/es\/wp-json\/wp\/v2\/posts"}],"about":[{"href":"https:\/\/tarragona.escolateresiana.com\/es\/wp-json\/wp\/v2\/types\/post"}],"author":[{"embeddable":true,"href":"https:\/\/tarragona.escolateresiana.com\/es\/wp-json\/wp\/v2\/users\/1"}],"replies":[{"embeddable":true,"href":"https:\/\/tarragona.escolateresiana.com\/es\/wp-json\/wp\/v2\/comments?post=3241"}],"version-history":[{"count":2,"href":"https:\/\/tarragona.escolateresiana.com\/es\/wp-json\/wp\/v2\/posts\/3241\/revisions"}],"predecessor-version":[{"id":3259,"href":"https:\/\/tarragona.escolateresiana.com\/es\/wp-json\/wp\/v2\/posts\/3241\/revisions\/3259"}],"wp:featuredmedia":[{"embeddable":true,"href":"https:\/\/tarragona.escolateresiana.com\/es\/wp-json\/wp\/v2\/media\/3074"}],"wp:attachment":[{"href":"https:\/\/tarragona.escolateresiana.com\/es\/wp-json\/wp\/v2\/media?parent=3241"}],"wp:term":[{"taxonomy":"category","embeddable":true,"href":"https:\/\/tarragona.escolateresiana.com\/es\/wp-json\/wp\/v2\/categories?post=3241"},{"taxonomy":"post_tag","embeddable":true,"href":"https:\/\/tarragona.escolateresiana.com\/es\/wp-json\/wp\/v2\/tags?post=3241"}],"curies":[{"name":"wp","href":"https:\/\/api.w.org\/{rel}","templated":true}]}}