{"id":3227,"date":"2024-02-27T10:36:46","date_gmt":"2024-02-27T10:36:46","guid":{"rendered":"https:\/\/tarragona.escolateresiana.com\/2024\/02\/27\/celebracion-de-san-enrique\/"},"modified":"2024-03-01T12:40:58","modified_gmt":"2024-03-01T12:40:58","slug":"celebracion-de-san-enrique","status":"publish","type":"post","link":"https:\/\/tarragona.escolateresiana.com\/es\/2024\/02\/27\/celebracion-de-san-enrique\/","title":{"rendered":"Celebraci\u00f3n de San Enrique"},"content":{"rendered":"<p>[vc_row css_animation=\u00bb\u00bb row_type=\u00bbrow\u00bb use_row_as_full_screen_section=\u00bbno\u00bb type=\u00bbfull_width\u00bb angled_section=\u00bbno\u00bb text_align=\u00bbleft\u00bb background_image_as_pattern=\u00bbwithout_pattern\u00bb padding_top=\u00bb0&#8243; padding_bottom=\u00bb14&#8243;][vc_column][vc_empty_space height=\u00bb22px\u00bb][vc_column_text]El d\u00eda 26 de enero toda la comunidad educativa celebramos la fiesta de Sant Enric de Oss\u00f3. Desde cada etapa se prepar\u00f3 ese d\u00eda con el agradecimiento por los 100 a\u00f1os de nuestra escuela.<\/p>\n<p>Los peque\u00f1os y peque\u00f1as de Educaci\u00f3n Infantil se encontraron en la capilla y se les entreg\u00f3 el llavero del centenario. Adem\u00e1s, el alumnado de segundo de ESO les organizaron unos talleres did\u00e1cticos y por la tarde hicieron una gran fiesta en el patio, con confeti, globo, m\u00fasica&#8230;<\/p>\n<p>Los ni\u00f1os y ni\u00f1as de Primaria fueron a Montserrat, lugar donde San Enrique encontr\u00f3 su vocaci\u00f3n y el sentido de lo que ser\u00eda su vida: cura, maestro y un gran amigo de Jes\u00fas. Hicimos una peque\u00f1a excursi\u00f3n a la cruz ya los goteros y delante de su estatua, bailamos una sardana.<\/p>\n<p>El alumnado de ESO y Bachillerato hicieron diferentes salidas para celebrar ese d\u00eda y en los d\u00edas siguientes hicieron una celebraci\u00f3n en la capilla pidiendo a Jes\u00fas que San Enrique les contagiara su valent\u00eda, su iniciativa y su deseo de so\u00f1ar y construir un mundo mejor.<\/p>\n<p>Y para concluir nuestra fiesta, los profesores del centro preparamos un punto de libro con una frase del padre Enric:<br \/>\n<strong><em>\u00abSi s\u00f3lo pensamos en nosotros, nunca seremos felices\u00bb.<\/em><\/strong>[\/vc_column_text][vc_empty_space height=\u00bb22px\u00bb][vc_gallery type=\u00bbimage_grid\u00bb images=\u00bb3104,3105,3102,3103&#8243; img_size=\u00bbfull\u00bb column_number=\u00bb2&#8243; grayscale=\u00bbno\u00bb images_space=\u00bbgallery_with_space\u00bb][vc_empty_space height=\u00bb22px\u00bb][\/vc_column][\/vc_row]<\/p>\n","protected":false},"excerpt":{"rendered":"<p>El d\u00eda 26 de enero toda la comunidad educativa celebramos la fiesta de Sant Enric de Oss\u00f3&#8230;<\/p>\n","protected":false},"author":1,"featured_media":3101,"comment_status":"closed","ping_status":"open","sticky":false,"template":"","format":"standard","meta":{"_monsterinsights_skip_tracking":false,"_monsterinsights_sitenote_active":false,"_monsterinsights_sitenote_note":"","_monsterinsights_sitenote_category":0,"footnotes":""},"categories":[30],"tags":[],"class_list":["post-3227","post","type-post","status-publish","format-standard","has-post-thumbnail","hentry","category-colegio-santa-teresa-de-jesus-tarragona"],"_links":{"self":[{"href":"https:\/\/tarragona.escolateresiana.com\/es\/wp-json\/wp\/v2\/posts\/3227","targetHints":{"allow":["GET"]}}],"collection":[{"href":"https:\/\/tarragona.escolateresiana.com\/es\/wp-json\/wp\/v2\/posts"}],"about":[{"href":"https:\/\/tarragona.escolateresiana.com\/es\/wp-json\/wp\/v2\/types\/post"}],"author":[{"embeddable":true,"href":"https:\/\/tarragona.escolateresiana.com\/es\/wp-json\/wp\/v2\/users\/1"}],"replies":[{"embeddable":true,"href":"https:\/\/tarragona.escolateresiana.com\/es\/wp-json\/wp\/v2\/comments?post=3227"}],"version-history":[{"count":3,"href":"https:\/\/tarragona.escolateresiana.com\/es\/wp-json\/wp\/v2\/posts\/3227\/revisions"}],"predecessor-version":[{"id":3315,"href":"https:\/\/tarragona.escolateresiana.com\/es\/wp-json\/wp\/v2\/posts\/3227\/revisions\/3315"}],"wp:featuredmedia":[{"embeddable":true,"href":"https:\/\/tarragona.escolateresiana.com\/es\/wp-json\/wp\/v2\/media\/3101"}],"wp:attachment":[{"href":"https:\/\/tarragona.escolateresiana.com\/es\/wp-json\/wp\/v2\/media?parent=3227"}],"wp:term":[{"taxonomy":"category","embeddable":true,"href":"https:\/\/tarragona.escolateresiana.com\/es\/wp-json\/wp\/v2\/categories?post=3227"},{"taxonomy":"post_tag","embeddable":true,"href":"https:\/\/tarragona.escolateresiana.com\/es\/wp-json\/wp\/v2\/tags?post=3227"}],"curies":[{"name":"wp","href":"https:\/\/api.w.org\/{rel}","templated":true}]}}