{"id":3198,"date":"2023-07-06T07:18:57","date_gmt":"2023-07-06T07:18:57","guid":{"rendered":"https:\/\/tarragona.escolateresiana.com\/2023\/07\/06\/cien-anos-de-las-teresianas-en-la-rambla\/"},"modified":"2024-03-01T12:40:59","modified_gmt":"2024-03-01T12:40:59","slug":"cien-anos-de-las-teresianas-en-la-rambla","status":"publish","type":"post","link":"https:\/\/tarragona.escolateresiana.com\/es\/2023\/07\/06\/cien-anos-de-las-teresianas-en-la-rambla\/","title":{"rendered":"Cien a\u00f1os de las Teresianas en la Rambla"},"content":{"rendered":"<p>[vc_row css_animation=\u00bb\u00bb row_type=\u00bbrow\u00bb use_row_as_full_screen_section=\u00bbno\u00bb type=\u00bbfull_width\u00bb angled_section=\u00bbno\u00bb text_align=\u00bbleft\u00bb background_image_as_pattern=\u00bbwithout_pattern\u00bb padding_top=\u00bb0&#8243; padding_bottom=\u00bb14&#8243;][vc_column][vc_column_text]<\/p>\n<div>\n<p class=\"Normal1\"><span lang=\"CA\">El pr\u00f3ximo 29 de septiembre de 2023 empezar\u00e1n los actos de celebraci\u00f3n del Centenario del inicio de la actividad educativa por parte de las hermanas de la Compa\u00f1\u00eda Santa Teresa de Jes\u00fas en el edificio del nuevo colegio de la Rambla Nova, 79 (en ese momento Rambla de San Juan, 79). Hasta entonces, las hermanas hab\u00edan realizado la labor educativa en edificios que no eran de su propiedad y desde ese d\u00eda, de lo que pronto cumplir\u00e1 100 a\u00f1os, tuvieron colegio en un edificio nuevo y de su propiedad. Seg\u00fan las cr\u00f3nicas de  <\/span><span lang=\"ES\">la<\/span> <span lang=\"CA\">\u00e9poca<\/span> <span lang=\"ES\">\u201c <i>el edificio reunir\u00e1 todas las condiciones higi\u00e9nico-pedag\u00f3gicas apetecibles para cultivar la inteligencia y formar el coraz\u00f3n de las ni\u00f1as y j\u00f3venes encomendadas al cuidado de las hermanas teresianas<\/i> \u201d.<\/span><\/p>\n<\/div>\n<div>\n<p>&nbsp;<\/p>\n<p class=\"Normal1\"><span lang=\"CA\">A partir de septiembre de 2023 y hasta junio de 2024 se desarrollar\u00e1 una agenda de actos que queremos que sean reconocidos con una imagen significativa, un logo. Para su creaci\u00f3n, el colegio invit\u00f3 a sus alumnos a participar en el concurso para la creaci\u00f3n de este logo.<\/span><\/p>\n<\/div>\n<div>\n<p>&nbsp;<\/p>\n<p>El logo ganador fue elegido entre un total de 30 candidaturas. La decisi\u00f3n fue muy complicada debido al alto nivel de las propuestas presentadas. Por \u00faltimo, reunido el jurado del concurso el pasado 13 de abril, sali\u00f3 como ganadora la obra del alumno <b>\u00c1lvaro Garc\u00eda Bienvenido<\/b> de 2\u00ba de Bachillerato.<\/p>\n<\/div>\n<p>[\/vc_column_text][vc_empty_space height=\u00bb22px\u00bb][\/vc_column][\/vc_row]<\/p>\n","protected":false},"excerpt":{"rendered":"<p>El pr\u00f3ximo 29 de septiembre de 2023 empezar\u00e1n los actos de celebraci\u00f3n del Centenario del inicio de la actividad educativa por parte de las hermanas de la Compa\u00f1\u00eda Santa Teresa de Jes\u00fas<\/p>\n","protected":false},"author":1,"featured_media":3066,"comment_status":"closed","ping_status":"open","sticky":false,"template":"","format":"standard","meta":{"_monsterinsights_skip_tracking":false,"_monsterinsights_sitenote_active":false,"_monsterinsights_sitenote_note":"","_monsterinsights_sitenote_category":0,"footnotes":""},"categories":[30],"tags":[],"class_list":["post-3198","post","type-post","status-publish","format-standard","has-post-thumbnail","hentry","category-colegio-santa-teresa-de-jesus-tarragona"],"_links":{"self":[{"href":"https:\/\/tarragona.escolateresiana.com\/es\/wp-json\/wp\/v2\/posts\/3198","targetHints":{"allow":["GET"]}}],"collection":[{"href":"https:\/\/tarragona.escolateresiana.com\/es\/wp-json\/wp\/v2\/posts"}],"about":[{"href":"https:\/\/tarragona.escolateresiana.com\/es\/wp-json\/wp\/v2\/types\/post"}],"author":[{"embeddable":true,"href":"https:\/\/tarragona.escolateresiana.com\/es\/wp-json\/wp\/v2\/users\/1"}],"replies":[{"embeddable":true,"href":"https:\/\/tarragona.escolateresiana.com\/es\/wp-json\/wp\/v2\/comments?post=3198"}],"version-history":[{"count":11,"href":"https:\/\/tarragona.escolateresiana.com\/es\/wp-json\/wp\/v2\/posts\/3198\/revisions"}],"predecessor-version":[{"id":3337,"href":"https:\/\/tarragona.escolateresiana.com\/es\/wp-json\/wp\/v2\/posts\/3198\/revisions\/3337"}],"wp:featuredmedia":[{"embeddable":true,"href":"https:\/\/tarragona.escolateresiana.com\/es\/wp-json\/wp\/v2\/media\/3066"}],"wp:attachment":[{"href":"https:\/\/tarragona.escolateresiana.com\/es\/wp-json\/wp\/v2\/media?parent=3198"}],"wp:term":[{"taxonomy":"category","embeddable":true,"href":"https:\/\/tarragona.escolateresiana.com\/es\/wp-json\/wp\/v2\/categories?post=3198"},{"taxonomy":"post_tag","embeddable":true,"href":"https:\/\/tarragona.escolateresiana.com\/es\/wp-json\/wp\/v2\/tags?post=3198"}],"curies":[{"name":"wp","href":"https:\/\/api.w.org\/{rel}","templated":true}]}}