{"id":3194,"date":"2024-02-19T14:21:21","date_gmt":"2024-02-19T14:21:21","guid":{"rendered":"https:\/\/tarragona.escolateresiana.com\/2024\/02\/19\/en-el-comedor-trabajamos-las-cocinas-del-mundo\/"},"modified":"2024-03-01T12:40:58","modified_gmt":"2024-03-01T12:40:58","slug":"en-el-comedor-trabajamos-las-cocinas-del-mundo","status":"publish","type":"post","link":"https:\/\/tarragona.escolateresiana.com\/es\/2024\/02\/19\/en-el-comedor-trabajamos-las-cocinas-del-mundo\/","title":{"rendered":"En el comedor trabajamos las cocinas del mundo"},"content":{"rendered":"<p>[vc_row css_animation=\u00bb\u00bb row_type=\u00bbrow\u00bb use_row_as_full_screen_section=\u00bbno\u00bb type=\u00bbfull_width\u00bb angled_section=\u00bbno\u00bb text_align=\u00bbleft\u00bb background_image_as_pattern=\u00bbwithout_pattern\u00bb padding_top=\u00bb0&#8243; padding_bottom=\u00bb14&#8243;][vc_column][vc_empty_space height=\u00bb22px\u00bb][vc_column_text]Durante el curso, en nuestro comedor elaboramos men\u00fas especiales inspirados en las cocinas de distintos pa\u00edses.<\/p>\n<p>El trabajo de la cocina del mundo en nuestro comedor escolar tiene varios objetivos pedag\u00f3gicos: la promoci\u00f3n de la diversidad cultural mediante la experimentaci\u00f3n de diferentes platos internacionales, fomentar la conciencia sobre h\u00e1bitos alimenticios saludables a escala global y estimular la curiosidad cultural de los estudiantes a trav\u00e9s del aprendizaje pr\u00e1ctico.[\/vc_column_text][vc_empty_space height=\u00bb22px\u00bb][\/vc_column][\/vc_row][vc_row css_animation=\u00bb\u00bb row_type=\u00bbrow\u00bb use_row_as_full_screen_section=\u00bbno\u00bb type=\u00bbfull_width\u00bb angled_section=\u00bbno\u00bb text_align=\u00bbleft\u00bb background_image_as_pattern=\u00bbwithout_pattern\u00bb][vc_column width=\u00bb1\/3&#8243;][vc_single_image image=\u00bb3099&#8243; img_size=\u00bbfull\u00bb qode_css_animation=\u00bb\u00bb][vc_empty_space height=\u00bb22px\u00bb][\/vc_column][vc_column width=\u00bb1\/3&#8243;][vc_single_image image=\u00bb3098&#8243; img_size=\u00bbfull\u00bb qode_css_animation=\u00bb\u00bb][vc_empty_space height=\u00bb22px\u00bb][\/vc_column][vc_column width=\u00bb1\/3&#8243;][vc_single_image image=\u00bb3097&#8243; img_size=\u00bbfull\u00bb qode_css_animation=\u00bb\u00bb][vc_empty_space height=\u00bb22px\u00bb][\/vc_column][\/vc_row]<\/p>\n","protected":false},"excerpt":{"rendered":"<p>Durante el curso, en nuestro comedor elaboramos men\u00fas especiales inspirados en las cocinas de varios pa\u00edses&#8230;<\/p>\n","protected":false},"author":1,"featured_media":3100,"comment_status":"closed","ping_status":"open","sticky":false,"template":"","format":"standard","meta":{"_monsterinsights_skip_tracking":false,"_monsterinsights_sitenote_active":false,"_monsterinsights_sitenote_note":"","_monsterinsights_sitenote_category":0,"footnotes":""},"categories":[30],"tags":[],"class_list":["post-3194","post","type-post","status-publish","format-standard","has-post-thumbnail","hentry","category-colegio-santa-teresa-de-jesus-tarragona"],"_links":{"self":[{"href":"https:\/\/tarragona.escolateresiana.com\/es\/wp-json\/wp\/v2\/posts\/3194","targetHints":{"allow":["GET"]}}],"collection":[{"href":"https:\/\/tarragona.escolateresiana.com\/es\/wp-json\/wp\/v2\/posts"}],"about":[{"href":"https:\/\/tarragona.escolateresiana.com\/es\/wp-json\/wp\/v2\/types\/post"}],"author":[{"embeddable":true,"href":"https:\/\/tarragona.escolateresiana.com\/es\/wp-json\/wp\/v2\/users\/1"}],"replies":[{"embeddable":true,"href":"https:\/\/tarragona.escolateresiana.com\/es\/wp-json\/wp\/v2\/comments?post=3194"}],"version-history":[{"count":8,"href":"https:\/\/tarragona.escolateresiana.com\/es\/wp-json\/wp\/v2\/posts\/3194\/revisions"}],"predecessor-version":[{"id":3314,"href":"https:\/\/tarragona.escolateresiana.com\/es\/wp-json\/wp\/v2\/posts\/3194\/revisions\/3314"}],"wp:featuredmedia":[{"embeddable":true,"href":"https:\/\/tarragona.escolateresiana.com\/es\/wp-json\/wp\/v2\/media\/3100"}],"wp:attachment":[{"href":"https:\/\/tarragona.escolateresiana.com\/es\/wp-json\/wp\/v2\/media?parent=3194"}],"wp:term":[{"taxonomy":"category","embeddable":true,"href":"https:\/\/tarragona.escolateresiana.com\/es\/wp-json\/wp\/v2\/categories?post=3194"},{"taxonomy":"post_tag","embeddable":true,"href":"https:\/\/tarragona.escolateresiana.com\/es\/wp-json\/wp\/v2\/tags?post=3194"}],"curies":[{"name":"wp","href":"https:\/\/api.w.org\/{rel}","templated":true}]}}